{"id":1493,"date":"2023-12-01T16:54:53","date_gmt":"2023-12-01T16:54:53","guid":{"rendered":"https:\/\/cfsottawa.ca\/?p=1493"},"modified":"2023-12-04T08:14:01","modified_gmt":"2023-12-04T08:14:01","slug":"declaration-sur-israel-hamas","status":"publish","type":"post","link":"https:\/\/cfsottawa.ca\/fr\/declaration-sur-israel-hamas\/","title":{"rendered":"D\u00e9claration sur Isra\u00ebl-Hamas"},"content":{"rendered":"<div class=\"fusion-fullwidth fullwidth-box fusion-builder-row-1 fusion-flex-container nonhundred-percent-fullwidth non-hundred-percent-height-scrolling\" style=\"--awb-border-radius-top-left:0px;--awb-border-radius-top-right:0px;--awb-border-radius-bottom-right:0px;--awb-border-radius-bottom-left:0px;--awb-flex-wrap:wrap;\" ><div class=\"fusion-builder-row fusion-row fusion-flex-align-items-flex-start fusion-flex-content-wrap\" style=\"max-width:910px;margin-left: calc(-4% \/ 2 );margin-right: calc(-4% \/ 2 );\"><div class=\"fusion-layout-column fusion_builder_column fusion-builder-column-0 fusion_builder_column_1_1 1_1 fusion-flex-column\" style=\"--awb-bg-size:cover;--awb-width-large:100%;--awb-margin-top-large:0px;--awb-spacing-right-large:1.92%;--awb-margin-bottom-large:0px;--awb-spacing-left-large:1.92%;--awb-width-medium:100%;--awb-spacing-right-medium:1.92%;--awb-spacing-left-medium:1.92%;--awb-width-small:100%;--awb-spacing-right-small:1.92%;--awb-spacing-left-small:1.92%;\"><div class=\"fusion-column-wrapper fusion-flex-justify-content-flex-start fusion-content-layout-column\"><div class=\"fusion-text fusion-text-1\"><p>SFC Ottawa souhaite la paix et la fin de la violence dans le conflit entre Isra\u00ebl et le Hamas. Nous sommes profond\u00e9ment attrist\u00e9s par la violence et les meurtres de civils en Isra\u00ebl et \u00e0 Gaza et nous sommes de tout c\u0153ur avec toutes les personnes touch\u00e9es par le conflit et la violence.<\/p>\n<p>Nous d\u00e9fendons le droit des personnes de pratiquer leur religion et leur foi librement. Nous d\u00e9fendons le droit de toute personne de vivre \u00e0 l\u2019abri de la violence, qu\u2019elle soit interpersonnelle ou qu\u2019elle s\u2019inscrive dans un contexte de guerre ou de conflit. Ce que nous sommes, d\u2019o\u00f9 nous venons et ce en quoi nous croyons sont des choses qui nous rendent magnifiques et uniques et qui construisent une communaut\u00e9 et un sentiment d\u2019appartenance.<\/p>\n<p>La situation au Moyen-Orient est accablante pour beaucoup d\u2019entre nous. Nous voulons faire savoir \u00e0 notre entourage et aux membres de notre communaut\u00e9 que nous sommes l\u00e0 pour vous. Nous combattons la haine sous toutes ses formes et appliquons une tol\u00e9rance z\u00e9ro \u00e0 l\u2019\u00e9gard de l\u2019antis\u00e9mitisme et de l\u2019islamophobie. Dans l\u2019ombre de ce conflit, nous condamnons la mont\u00e9e de la haine religieuse ici \u00e0 Ottawa.<\/p>\n<p class=\"elementToProof\">SFC est une organisation qui s\u2019engage \u00e0 d\u00e9fendre les droits et la dignit\u00e9 de toutes les personnes, et nous servons des personnes de tous les milieux. Nous nous effor\u00e7ons continuellement d\u2019inclure toutes les confessions, races, identit\u00e9s de genres, classes, statuts r\u00e9sidentiels, pays d\u2019origine, capacit\u00e9s et orientations sexuelles, et nous veillons tout particuli\u00e8rement \u00e0 r\u00e9pondre aux besoins de la communaut\u00e9 francophone minoritaire d\u2019Ottawa.<\/p>\n<p>Nous nous engageons \u00e0 faire progresser la sant\u00e9 mentale et le bien-\u00eatre de toute la population et nous jouons un r\u00f4le actif dans le soutien aux survivant.e.s de la violence, y compris les survivant.e.s de la violence sexuelle et les femmes francophones survivantes de la violence d\u2019un ou d\u2019une partenaire intime.<\/p>\n<p class=\"elementToProof\">Si vous ressentez de la peur, un choc, de la fatigue, un sentiment de mal-\u00eatre \u00e0 cause de cette situation, vous n\u2019\u00eates pas seul.e. \u00c0 l\u2019approche des f\u00eates de fin d\u2019ann\u00e9e, nous souhaitons mettre en valeur et c\u00e9l\u00e9brer la riche diversit\u00e9 d\u2019Ottawa, mais nous reconnaissons \u00e9galement que cette saison comporte de nombreux d\u00e9fis. Qu\u2019il s\u2019agisse de la peur de pratiquer votre religion dans un climat de haine accrue, ou d\u2019un sentiment de perte ou de traumatisme qui s\u2019accentue pendant les f\u00eates, sachez que nous sommes l\u00e0 pour vous. Si vous avez besoin d\u2019aide, notre \u00e9quipe est l\u00e0 pour vous offrir une \u00e9coute paisible et compatissante.<\/p>\n<\/div><\/div><\/div><\/div><\/div>\n","protected":false},"excerpt":{"rendered":"","protected":false},"author":1,"featured_media":1504,"comment_status":"closed","ping_status":"closed","sticky":false,"template":"","format":"standard","meta":{"_acf_changed":false,"footnotes":""},"categories":[2],"tags":[],"class_list":["post-1493","post","type-post","status-publish","format-standard","has-post-thumbnail","hentry","category-non-classifiee"],"acf":[],"yoast_head":"<!-- This site is optimized with the Yoast SEO plugin v27.5 - https:\/\/yoast.com\/product\/yoast-seo-wordpress\/ -->\n<title>D\u00e9claration sur Isra\u00ebl-Hamas - SFC Ottawa<\/title>\n<meta name=\"robots\" content=\"index, follow, max-snippet:-1, max-image-preview:large, max-video-preview:-1\" \/>\n<link rel=\"canonical\" href=\"https:\/\/cfsottawa.ca\/fr\/declaration-sur-israel-hamas\/\" \/>\n<meta property=\"og:locale\" content=\"fr_FR\" \/>\n<meta property=\"og:type\" content=\"article\" \/>\n<meta property=\"og:title\" content=\"D\u00e9claration sur Isra\u00ebl-Hamas - SFC Ottawa\" \/>\n<meta property=\"og:url\" content=\"https:\/\/cfsottawa.ca\/fr\/declaration-sur-israel-hamas\/\" \/>\n<meta property=\"og:site_name\" content=\"SFC Ottawa\" \/>\n<meta property=\"article:publisher\" content=\"https:\/\/www.facebook.com\/CFSOttawa\" \/>\n<meta property=\"article:published_time\" content=\"2023-12-01T16:54:53+00:00\" \/>\n<meta property=\"article:modified_time\" content=\"2023-12-04T08:14:01+00:00\" \/>\n<meta property=\"og:image\" content=\"https:\/\/cfsottawa.ca\/wp-content\/uploads\/2023\/12\/forgetmenot.jpg\" \/>\n\t<meta property=\"og:image:width\" content=\"1333\" \/>\n\t<meta property=\"og:image:height\" content=\"749\" \/>\n\t<meta property=\"og:image:type\" content=\"image\/jpeg\" \/>\n<meta name=\"author\" content=\"Annelies\" \/>\n<meta name=\"twitter:card\" content=\"summary_large_image\" \/>\n<meta name=\"twitter:creator\" content=\"@cfs_ottawa\" \/>\n<meta name=\"twitter:site\" content=\"@cfs_ottawa\" \/>\n<meta name=\"twitter:label1\" content=\"\u00c9crit par\" \/>\n\t<meta name=\"twitter:data1\" content=\"Annelies\" \/>\n\t<meta name=\"twitter:label2\" content=\"Dur\u00e9e de lecture estim\u00e9e\" \/>\n\t<meta name=\"twitter:data2\" content=\"3 minutes\" \/>\n<script type=\"application\/ld+json\" class=\"yoast-schema-graph\">{\"@context\":\"https:\\\/\\\/schema.org\",\"@graph\":[{\"@type\":\"Article\",\"@id\":\"https:\\\/\\\/cfsottawa.ca\\\/fr\\\/declaration-sur-israel-hamas\\\/#article\",\"isPartOf\":{\"@id\":\"https:\\\/\\\/cfsottawa.ca\\\/fr\\\/declaration-sur-israel-hamas\\\/\"},\"author\":{\"name\":\"Annelies\",\"@id\":\"https:\\\/\\\/cfsottawa.ca\\\/#\\\/schema\\\/person\\\/18181f1f49fc8447f64584c7e8e06382\"},\"headline\":\"D\u00e9claration sur Isra\u00ebl-Hamas\",\"datePublished\":\"2023-12-01T16:54:53+00:00\",\"dateModified\":\"2023-12-04T08:14:01+00:00\",\"mainEntityOfPage\":{\"@id\":\"https:\\\/\\\/cfsottawa.ca\\\/fr\\\/declaration-sur-israel-hamas\\\/\"},\"wordCount\":634,\"publisher\":{\"@id\":\"https:\\\/\\\/cfsottawa.ca\\\/#organization\"},\"image\":{\"@id\":\"https:\\\/\\\/cfsottawa.ca\\\/fr\\\/declaration-sur-israel-hamas\\\/#primaryimage\"},\"thumbnailUrl\":\"https:\\\/\\\/cfsottawa.ca\\\/wp-content\\\/uploads\\\/2023\\\/12\\\/forgetmenot.jpg\",\"articleSection\":[\"Non classifi\u00e9(e)\"],\"inLanguage\":\"fr-FR\"},{\"@type\":\"WebPage\",\"@id\":\"https:\\\/\\\/cfsottawa.ca\\\/fr\\\/declaration-sur-israel-hamas\\\/\",\"url\":\"https:\\\/\\\/cfsottawa.ca\\\/fr\\\/declaration-sur-israel-hamas\\\/\",\"name\":\"D\u00e9claration sur Isra\u00ebl-Hamas - SFC Ottawa\",\"isPartOf\":{\"@id\":\"https:\\\/\\\/cfsottawa.ca\\\/#website\"},\"primaryImageOfPage\":{\"@id\":\"https:\\\/\\\/cfsottawa.ca\\\/fr\\\/declaration-sur-israel-hamas\\\/#primaryimage\"},\"image\":{\"@id\":\"https:\\\/\\\/cfsottawa.ca\\\/fr\\\/declaration-sur-israel-hamas\\\/#primaryimage\"},\"thumbnailUrl\":\"https:\\\/\\\/cfsottawa.ca\\\/wp-content\\\/uploads\\\/2023\\\/12\\\/forgetmenot.jpg\",\"datePublished\":\"2023-12-01T16:54:53+00:00\",\"dateModified\":\"2023-12-04T08:14:01+00:00\",\"inLanguage\":\"fr-FR\",\"potentialAction\":[{\"@type\":\"ReadAction\",\"target\":[\"https:\\\/\\\/cfsottawa.ca\\\/fr\\\/declaration-sur-israel-hamas\\\/\"]}]},{\"@type\":\"ImageObject\",\"inLanguage\":\"fr-FR\",\"@id\":\"https:\\\/\\\/cfsottawa.ca\\\/fr\\\/declaration-sur-israel-hamas\\\/#primaryimage\",\"url\":\"https:\\\/\\\/cfsottawa.ca\\\/wp-content\\\/uploads\\\/2023\\\/12\\\/forgetmenot.jpg\",\"contentUrl\":\"https:\\\/\\\/cfsottawa.ca\\\/wp-content\\\/uploads\\\/2023\\\/12\\\/forgetmenot.jpg\",\"width\":1333,\"height\":749,\"caption\":\"Forget me not flower against a blurred background\"},{\"@type\":\"WebSite\",\"@id\":\"https:\\\/\\\/cfsottawa.ca\\\/#website\",\"url\":\"https:\\\/\\\/cfsottawa.ca\\\/\",\"name\":\"SFC Ottawa\",\"description\":\"Soutien communautaire pour les individus de tous \u00e2ges, les couples et les familles et soutien aux survivantes de la violence fond\u00e9e sur le genre.\",\"publisher\":{\"@id\":\"https:\\\/\\\/cfsottawa.ca\\\/#organization\"},\"potentialAction\":[{\"@type\":\"SearchAction\",\"target\":{\"@type\":\"EntryPoint\",\"urlTemplate\":\"https:\\\/\\\/cfsottawa.ca\\\/?s={search_term_string}\"},\"query-input\":{\"@type\":\"PropertyValueSpecification\",\"valueRequired\":true,\"valueName\":\"search_term_string\"}}],\"inLanguage\":\"fr-FR\"},{\"@type\":\"Organization\",\"@id\":\"https:\\\/\\\/cfsottawa.ca\\\/#organization\",\"name\":\"CFS Ottawa\",\"url\":\"https:\\\/\\\/cfsottawa.ca\\\/\",\"logo\":{\"@type\":\"ImageObject\",\"inLanguage\":\"fr-FR\",\"@id\":\"https:\\\/\\\/cfsottawa.ca\\\/#\\\/schema\\\/logo\\\/image\\\/\",\"url\":\"https:\\\/\\\/cfsottawa.ca\\\/wp-content\\\/uploads\\\/2023\\\/01\\\/CFSOttawa_400px-1.svg\",\"contentUrl\":\"https:\\\/\\\/cfsottawa.ca\\\/wp-content\\\/uploads\\\/2023\\\/01\\\/CFSOttawa_400px-1.svg\",\"width\":400,\"height\":400,\"caption\":\"CFS Ottawa\"},\"image\":{\"@id\":\"https:\\\/\\\/cfsottawa.ca\\\/#\\\/schema\\\/logo\\\/image\\\/\"},\"sameAs\":[\"https:\\\/\\\/www.facebook.com\\\/CFSOttawa\",\"https:\\\/\\\/x.com\\\/cfs_ottawa\",\"https:\\\/\\\/www.instagram.com\\\/cfsottawa\\\/\"]},{\"@type\":\"Person\",\"@id\":\"https:\\\/\\\/cfsottawa.ca\\\/#\\\/schema\\\/person\\\/18181f1f49fc8447f64584c7e8e06382\",\"name\":\"Annelies\",\"image\":{\"@type\":\"ImageObject\",\"inLanguage\":\"fr-FR\",\"@id\":\"https:\\\/\\\/secure.gravatar.com\\\/avatar\\\/746c5c11b74433728a063e8026e2a516f203958ff8c1bcc5fceef425ec129f8c?s=96&d=mm&r=g\",\"url\":\"https:\\\/\\\/secure.gravatar.com\\\/avatar\\\/746c5c11b74433728a063e8026e2a516f203958ff8c1bcc5fceef425ec129f8c?s=96&d=mm&r=g\",\"contentUrl\":\"https:\\\/\\\/secure.gravatar.com\\\/avatar\\\/746c5c11b74433728a063e8026e2a516f203958ff8c1bcc5fceef425ec129f8c?s=96&d=mm&r=g\",\"caption\":\"Annelies\"},\"sameAs\":[\"http:\\\/\\\/cfsottawa.theorem.ca\"]}]}<\/script>\n<!-- \/ Yoast SEO plugin. -->","yoast_head_json":{"title":"D\u00e9claration sur Isra\u00ebl-Hamas - SFC Ottawa","robots":{"index":"index","follow":"follow","max-snippet":"max-snippet:-1","max-image-preview":"max-image-preview:large","max-video-preview":"max-video-preview:-1"},"canonical":"https:\/\/cfsottawa.ca\/fr\/declaration-sur-israel-hamas\/","og_locale":"fr_FR","og_type":"article","og_title":"D\u00e9claration sur Isra\u00ebl-Hamas - SFC Ottawa","og_url":"https:\/\/cfsottawa.ca\/fr\/declaration-sur-israel-hamas\/","og_site_name":"SFC Ottawa","article_publisher":"https:\/\/www.facebook.com\/CFSOttawa","article_published_time":"2023-12-01T16:54:53+00:00","article_modified_time":"2023-12-04T08:14:01+00:00","og_image":[{"width":1333,"height":749,"url":"https:\/\/cfsottawa.ca\/wp-content\/uploads\/2023\/12\/forgetmenot.jpg","type":"image\/jpeg"}],"author":"Annelies","twitter_card":"summary_large_image","twitter_creator":"@cfs_ottawa","twitter_site":"@cfs_ottawa","twitter_misc":{"\u00c9crit par":"Annelies","Dur\u00e9e de lecture estim\u00e9e":"3 minutes"},"schema":{"@context":"https:\/\/schema.org","@graph":[{"@type":"Article","@id":"https:\/\/cfsottawa.ca\/fr\/declaration-sur-israel-hamas\/#article","isPartOf":{"@id":"https:\/\/cfsottawa.ca\/fr\/declaration-sur-israel-hamas\/"},"author":{"name":"Annelies","@id":"https:\/\/cfsottawa.ca\/#\/schema\/person\/18181f1f49fc8447f64584c7e8e06382"},"headline":"D\u00e9claration sur Isra\u00ebl-Hamas","datePublished":"2023-12-01T16:54:53+00:00","dateModified":"2023-12-04T08:14:01+00:00","mainEntityOfPage":{"@id":"https:\/\/cfsottawa.ca\/fr\/declaration-sur-israel-hamas\/"},"wordCount":634,"publisher":{"@id":"https:\/\/cfsottawa.ca\/#organization"},"image":{"@id":"https:\/\/cfsottawa.ca\/fr\/declaration-sur-israel-hamas\/#primaryimage"},"thumbnailUrl":"https:\/\/cfsottawa.ca\/wp-content\/uploads\/2023\/12\/forgetmenot.jpg","articleSection":["Non classifi\u00e9(e)"],"inLanguage":"fr-FR"},{"@type":"WebPage","@id":"https:\/\/cfsottawa.ca\/fr\/declaration-sur-israel-hamas\/","url":"https:\/\/cfsottawa.ca\/fr\/declaration-sur-israel-hamas\/","name":"D\u00e9claration sur Isra\u00ebl-Hamas - SFC Ottawa","isPartOf":{"@id":"https:\/\/cfsottawa.ca\/#website"},"primaryImageOfPage":{"@id":"https:\/\/cfsottawa.ca\/fr\/declaration-sur-israel-hamas\/#primaryimage"},"image":{"@id":"https:\/\/cfsottawa.ca\/fr\/declaration-sur-israel-hamas\/#primaryimage"},"thumbnailUrl":"https:\/\/cfsottawa.ca\/wp-content\/uploads\/2023\/12\/forgetmenot.jpg","datePublished":"2023-12-01T16:54:53+00:00","dateModified":"2023-12-04T08:14:01+00:00","inLanguage":"fr-FR","potentialAction":[{"@type":"ReadAction","target":["https:\/\/cfsottawa.ca\/fr\/declaration-sur-israel-hamas\/"]}]},{"@type":"ImageObject","inLanguage":"fr-FR","@id":"https:\/\/cfsottawa.ca\/fr\/declaration-sur-israel-hamas\/#primaryimage","url":"https:\/\/cfsottawa.ca\/wp-content\/uploads\/2023\/12\/forgetmenot.jpg","contentUrl":"https:\/\/cfsottawa.ca\/wp-content\/uploads\/2023\/12\/forgetmenot.jpg","width":1333,"height":749,"caption":"Forget me not flower against a blurred background"},{"@type":"WebSite","@id":"https:\/\/cfsottawa.ca\/#website","url":"https:\/\/cfsottawa.ca\/","name":"SFC Ottawa","description":"Soutien communautaire pour les individus de tous \u00e2ges, les couples et les familles et soutien aux survivantes de la violence fond\u00e9e sur le genre.","publisher":{"@id":"https:\/\/cfsottawa.ca\/#organization"},"potentialAction":[{"@type":"SearchAction","target":{"@type":"EntryPoint","urlTemplate":"https:\/\/cfsottawa.ca\/?s={search_term_string}"},"query-input":{"@type":"PropertyValueSpecification","valueRequired":true,"valueName":"search_term_string"}}],"inLanguage":"fr-FR"},{"@type":"Organization","@id":"https:\/\/cfsottawa.ca\/#organization","name":"CFS Ottawa","url":"https:\/\/cfsottawa.ca\/","logo":{"@type":"ImageObject","inLanguage":"fr-FR","@id":"https:\/\/cfsottawa.ca\/#\/schema\/logo\/image\/","url":"https:\/\/cfsottawa.ca\/wp-content\/uploads\/2023\/01\/CFSOttawa_400px-1.svg","contentUrl":"https:\/\/cfsottawa.ca\/wp-content\/uploads\/2023\/01\/CFSOttawa_400px-1.svg","width":400,"height":400,"caption":"CFS Ottawa"},"image":{"@id":"https:\/\/cfsottawa.ca\/#\/schema\/logo\/image\/"},"sameAs":["https:\/\/www.facebook.com\/CFSOttawa","https:\/\/x.com\/cfs_ottawa","https:\/\/www.instagram.com\/cfsottawa\/"]},{"@type":"Person","@id":"https:\/\/cfsottawa.ca\/#\/schema\/person\/18181f1f49fc8447f64584c7e8e06382","name":"Annelies","image":{"@type":"ImageObject","inLanguage":"fr-FR","@id":"https:\/\/secure.gravatar.com\/avatar\/746c5c11b74433728a063e8026e2a516f203958ff8c1bcc5fceef425ec129f8c?s=96&d=mm&r=g","url":"https:\/\/secure.gravatar.com\/avatar\/746c5c11b74433728a063e8026e2a516f203958ff8c1bcc5fceef425ec129f8c?s=96&d=mm&r=g","contentUrl":"https:\/\/secure.gravatar.com\/avatar\/746c5c11b74433728a063e8026e2a516f203958ff8c1bcc5fceef425ec129f8c?s=96&d=mm&r=g","caption":"Annelies"},"sameAs":["http:\/\/cfsottawa.theorem.ca"]}]}},"_links":{"self":[{"href":"https:\/\/cfsottawa.ca\/fr\/wp-json\/wp\/v2\/posts\/1493","targetHints":{"allow":["GET"]}}],"collection":[{"href":"https:\/\/cfsottawa.ca\/fr\/wp-json\/wp\/v2\/posts"}],"about":[{"href":"https:\/\/cfsottawa.ca\/fr\/wp-json\/wp\/v2\/types\/post"}],"author":[{"embeddable":true,"href":"https:\/\/cfsottawa.ca\/fr\/wp-json\/wp\/v2\/users\/1"}],"replies":[{"embeddable":true,"href":"https:\/\/cfsottawa.ca\/fr\/wp-json\/wp\/v2\/comments?post=1493"}],"version-history":[{"count":2,"href":"https:\/\/cfsottawa.ca\/fr\/wp-json\/wp\/v2\/posts\/1493\/revisions"}],"predecessor-version":[{"id":1506,"href":"https:\/\/cfsottawa.ca\/fr\/wp-json\/wp\/v2\/posts\/1493\/revisions\/1506"}],"wp:featuredmedia":[{"embeddable":true,"href":"https:\/\/cfsottawa.ca\/fr\/wp-json\/wp\/v2\/media\/1504"}],"wp:attachment":[{"href":"https:\/\/cfsottawa.ca\/fr\/wp-json\/wp\/v2\/media?parent=1493"}],"wp:term":[{"taxonomy":"category","embeddable":true,"href":"https:\/\/cfsottawa.ca\/fr\/wp-json\/wp\/v2\/categories?post=1493"},{"taxonomy":"post_tag","embeddable":true,"href":"https:\/\/cfsottawa.ca\/fr\/wp-json\/wp\/v2\/tags?post=1493"}],"curies":[{"name":"wp","href":"https:\/\/api.w.org\/{rel}","templated":true}]}}